{"id":5947,"date":"2024-06-17T12:12:43","date_gmt":"2024-06-17T10:12:43","guid":{"rendered":"https:\/\/bbtrading-shop.nextag.ch\/cms\/?p=5947"},"modified":"2025-07-17T09:12:13","modified_gmt":"2025-07-17T07:12:13","slug":"bike-to-work-qui-pedale-gagne","status":"publish","type":"post","link":"https:\/\/bbtrading.ch\/cms\/fr\/news\/bike-to-work-qui-pedale-gagne\/","title":{"rendered":"Bike to Work &rsquo;24 \u2013 pedal power at its best!"},"content":{"rendered":"\n<p><\/p>\n\n\n\n<!--more-->\n","protected":false},"excerpt":{"rendered":"","protected":false},"author":6,"featured_media":4516,"comment_status":"open","ping_status":"open","sticky":false,"template":"","format":"standard","meta":{"_acf_changed":false,"inline_featured_image":false,"footnotes":""},"categories":[115],"tags":[],"class_list":["post-5947","post","type-post","status-publish","format-standard","has-post-thumbnail","hentry","category-bb-insights-fr"],"acf":{"inhaltselemente":[{"acf_fc_layout":"text_img_element","text_element_titel":"Dynamique :\r\nD\u00e9but d'\u00e9t\u00e9 sportif.","text_element_titel_typ":"2","text_element_titel_size":"3-bold","text_element_titel_fake":false,"text_element_content":"Cette ann\u00e9e, le <a href=\"https:\/\/www.biketowork.ch\/de\" target=\"_blank\" rel=\"noopener\">Bike to Work Challenge<\/a> a non seulement raviv\u00e9 notre esprit d'\u00e9quipe, mais il l'a \u00e9galement port\u00e9 \u00e0 un tout autre niveau. Sur une p\u00e9riode de deux mois, nos \u00e9quipes de 4 personnes ont fait une d\u00e9monstration impressionnante de ce que signifie p\u00e9daler ensemble pour atteindre un objectif. La participation a \u00e9t\u00e9 similaire \u00e0 celle des ann\u00e9es pr\u00e9c\u00e9dentes et les kilom\u00e8tres accumul\u00e9s impressionnants. Cette initiative a non seulement permis de renforcer les liens entre coll\u00e8gues, mais aussi de les sensibiliser aux solutions de mobilit\u00e9 durable. L'exp\u00e9rience commune du cyclisme a permis de cr\u00e9er un environnement de travail plus dynamique et plus sain.","image_element_image_element_image":4498,"video_element_video_element_video":null,"video_element_video_element_autoplay":false,"video_element_video_element_frame_notebook":false,"collage_element":null,"text_img_element_spaltenbreite":"fifty-fifty-flush","text_img_element_orientation":"default","text_img_element_bgcolor_img_edge":false,"text_img_element_bgcolor":"white","text_img_element_padding_top":"custom-0","text_img_element_padding_bottom":"custom-0","text_img_element_margin_top":"custom-0","text_img_element_margin_bottom":"custom-3"},{"acf_fc_layout":"header_element","header_element_titel":"Cr\u00e9atif :\r\nDes moyens pour atteindre un objectif vert.","header_element_typ":"2","header_element_size":"3-bold","header_element_fake":false,"header_element_margin-bottom":"custom-0"},{"acf_fc_layout":"two_cols","two_cols_flex_content_col_one":[{"acf_fc_layout":"text_element","text_element_":null,"text_element_text_element_titel":"","text_element_text_element_titel_typ":"2","text_element_text_element_titel_size":false,"text_element_text_element_titel_fake":false,"text_element_text_element_content":"Les r\u00e8gles de notre challenge \u00e9taient volontairement larges afin de permettre le plus grand nombre de m\u00e9thodes de participation.\r\nCela permettait \u00e0 chaque membre de l'\u00e9quipe de contribuer \u00e0 la r\u00e9ussite \u00e0 sa mani\u00e8re, que ce soit en combinant le v\u00e9lo et l'utilisation des transports publics ou en int\u00e9grant la marche \u00e0 pied dans le trajet domicile-travail quotidien.\r\nCela permettait de pr\u00e9server la flexibilit\u00e9 individuelle tout en augmentant la motivation collective et les b\u00e9n\u00e9fices pour la sant\u00e9.\r\nLes moyens de transport alternatifs, tels que les skateboards et les trottinettes, ont \u00e9galement trouv\u00e9 leur place dans ce challenge vari\u00e9, ce qui a encore renforc\u00e9 la cr\u00e9ativit\u00e9 et le c\u00f4t\u00e9 ludique des participants.","text_element_text_element_layout":"default"}],"two_cols_flex_content_col_two":[{"acf_fc_layout":"text_element","text_element_":null,"text_element_text_element_titel":"","text_element_text_element_titel_typ":"2","text_element_text_element_titel_size":false,"text_element_text_element_titel_fake":false,"text_element_text_element_content":"La flexibilit\u00e9 de notre d\u00e9fi a permis \u00e0 chacun de contribuer \u00e0 sa mani\u00e8re personnelle, ce qui a rendu la participation attrayante pour un large groupe d'employ\u00e9s.\r\nM\u00eame ceux qui vivent loin du bureau ont pu participer en combinant le v\u00e9lo et les transports en commun, ce qui a consid\u00e9rablement \u00e9largi la port\u00e9e et l'impact de l'initiative.\r\nCette ouverture a donn\u00e9 lieu \u00e0 une \u00e9tonnante diversit\u00e9 de styles de participation.","text_element_text_element_layout":"default"}],"two_cols_bgcolor":false,"two_cols_spaltenbreite":"default","two_cols_versatz":false,"two_cols_versatz_type":"default","two_cols_padding_top":"custom-0","two_cols_padding_bottom":"custom-0","two_cols_margin_top":"custom-0","two_cols_margin_bottom":"custom-1"},{"acf_fc_layout":"text_img_element","text_element_titel":"Cycling Success :\r\nDes r\u00e9compenses qui motivent.","text_element_titel_typ":"2","text_element_titel_size":"4","text_element_titel_fake":false,"text_element_content":"La fin du challenge a \u00e9t\u00e9 c\u00e9l\u00e9br\u00e9e par un tirage au sort passionnant. Ceux qui ont particip\u00e9 syst\u00e9matiquement \u00e0 au moins 50% de leurs journ\u00e9es de travail ont eu la chance de gagner des prix individuels, tandis que les \u00e9quipes compl\u00e8tes qui ont relev\u00e9 les d\u00e9fis ensemble ont \u00e9galement gagn\u00e9 des prix d'\u00e9quipe exclusifs. Ces prix n'\u00e9taient pas seulement une reconnaissance de l'effort fourni, mais aussi une incitation \u00e0 maintenir un trajet domicile-travail respectueux de l'environnement. Il s'agissait d'une conclusion motivante qui reconnaissait l'engagement et les efforts de tous les participants et les encourageait \u00e0 relever les d\u00e9fis futurs.","image_element_image_element_image":4494,"video_element_video_element_video":null,"video_element_video_element_autoplay":true,"video_element_video_element_frame_notebook":false,"collage_element":null,"text_img_element_spaltenbreite":"fifty-fifty-flush","text_img_element_orientation":"mirrored","text_img_element_bgcolor_img_edge":false,"text_img_element_bgcolor":"white","text_img_element_padding_top":"custom-0","text_img_element_padding_bottom":"custom-0","text_img_element_margin_top":"custom-0","text_img_element_margin_bottom":"custom-2"}]},"yoast_head":"<!-- This site is optimized with the Yoast SEO plugin v27.4 - https:\/\/yoast.com\/product\/yoast-seo-wordpress\/ -->\n<title>Bike to Work &#039;24 \u2013 pedal power at its best! | bb trading<\/title>\n<meta name=\"description\" content=\"Esprit d\u2019\u00e9quipe renforc\u00e9 &amp; mobilit\u00e9 durable : Le challenge \u00abBike to Work\u00bb de Pro Velo Suisse a assur\u00e9 un \u00e9t\u00e9 en plein forme chez bb trading !\" \/>\n<meta name=\"robots\" content=\"index, follow, max-snippet:-1, max-image-preview:large, max-video-preview:-1\" \/>\n<link rel=\"canonical\" href=\"https:\/\/bbtrading.ch\/cms\/fr\/news\/bike-to-work-qui-pedale-gagne\/\" \/>\n<meta property=\"og:locale\" content=\"fr_FR\" \/>\n<meta property=\"og:type\" content=\"article\" \/>\n<meta property=\"og:title\" content=\"Bike to Work &#039;24 \u2013 pedal power at its best! | bb trading\" \/>\n<meta property=\"og:description\" content=\"Esprit d\u2019\u00e9quipe renforc\u00e9 &amp; mobilit\u00e9 durable : Le challenge \u00abBike to Work\u00bb de Pro Velo Suisse a assur\u00e9 un \u00e9t\u00e9 en plein forme chez bb trading !\" \/>\n<meta property=\"og:url\" content=\"https:\/\/bbtrading.ch\/cms\/fr\/news\/bike-to-work-qui-pedale-gagne\/\" \/>\n<meta property=\"og:site_name\" content=\"bb trading\" \/>\n<meta property=\"article:published_time\" content=\"2024-06-17T10:12:43+00:00\" \/>\n<meta property=\"article:modified_time\" content=\"2025-07-17T07:12:13+00:00\" \/>\n<meta property=\"og:image\" content=\"https:\/\/bbtrading.ch\/cms\/wp-content\/uploads\/2024\/06\/news_bike_to_work_header.jpg\" \/>\n\t<meta property=\"og:image:width\" content=\"412\" \/>\n\t<meta property=\"og:image:height\" content=\"416\" \/>\n\t<meta property=\"og:image:type\" content=\"image\/jpeg\" \/>\n<meta name=\"author\" content=\"Tim Jeker\" \/>\n<meta name=\"twitter:card\" content=\"summary_large_image\" \/>\n<meta name=\"twitter:label1\" content=\"\u00c9crit par\" \/>\n\t<meta name=\"twitter:data1\" content=\"Tim Jeker\" \/>\n\t<meta name=\"twitter:label2\" content=\"Dur\u00e9e de lecture estim\u00e9e\" \/>\n\t<meta name=\"twitter:data2\" content=\"3 minutes\" \/>\n<script type=\"application\/ld+json\" class=\"yoast-schema-graph\">{\"@context\":\"https:\\\/\\\/schema.org\",\"@graph\":[{\"@type\":\"Article\",\"@id\":\"https:\\\/\\\/bbtrading.ch\\\/cms\\\/fr\\\/news\\\/bike-to-work-qui-pedale-gagne\\\/#article\",\"isPartOf\":{\"@id\":\"https:\\\/\\\/bbtrading.ch\\\/cms\\\/fr\\\/news\\\/bike-to-work-qui-pedale-gagne\\\/\"},\"author\":{\"name\":\"Tim Jeker\",\"@id\":\"https:\\\/\\\/bbtrading.ch\\\/cms\\\/fr\\\/#\\\/schema\\\/person\\\/b1ee282ec48538266ec4e390eff40e07\"},\"headline\":\"Bike to Work &rsquo;24 \u2013 pedal power at its best!\",\"datePublished\":\"2024-06-17T10:12:43+00:00\",\"dateModified\":\"2025-07-17T07:12:13+00:00\",\"mainEntityOfPage\":{\"@id\":\"https:\\\/\\\/bbtrading.ch\\\/cms\\\/fr\\\/news\\\/bike-to-work-qui-pedale-gagne\\\/\"},\"wordCount\":8,\"commentCount\":0,\"publisher\":{\"@id\":\"https:\\\/\\\/bbtrading.ch\\\/cms\\\/fr\\\/#organization\"},\"image\":{\"@id\":\"https:\\\/\\\/bbtrading.ch\\\/cms\\\/fr\\\/news\\\/bike-to-work-qui-pedale-gagne\\\/#primaryimage\"},\"thumbnailUrl\":\"https:\\\/\\\/bbtrading.ch\\\/cms\\\/wp-content\\\/uploads\\\/2024\\\/06\\\/news_bike_to_work_header.jpg\",\"articleSection\":[\"bb Insights\"],\"inLanguage\":\"fr-FR\",\"potentialAction\":[{\"@type\":\"CommentAction\",\"name\":\"Comment\",\"target\":[\"https:\\\/\\\/bbtrading.ch\\\/cms\\\/fr\\\/news\\\/bike-to-work-qui-pedale-gagne\\\/#respond\"]}]},{\"@type\":\"WebPage\",\"@id\":\"https:\\\/\\\/bbtrading.ch\\\/cms\\\/fr\\\/news\\\/bike-to-work-qui-pedale-gagne\\\/\",\"url\":\"https:\\\/\\\/bbtrading.ch\\\/cms\\\/fr\\\/news\\\/bike-to-work-qui-pedale-gagne\\\/\",\"name\":\"Bike to Work '24 \u2013 pedal power at its best! | bb trading\",\"isPartOf\":{\"@id\":\"https:\\\/\\\/bbtrading.ch\\\/cms\\\/fr\\\/#website\"},\"primaryImageOfPage\":{\"@id\":\"https:\\\/\\\/bbtrading.ch\\\/cms\\\/fr\\\/news\\\/bike-to-work-qui-pedale-gagne\\\/#primaryimage\"},\"image\":{\"@id\":\"https:\\\/\\\/bbtrading.ch\\\/cms\\\/fr\\\/news\\\/bike-to-work-qui-pedale-gagne\\\/#primaryimage\"},\"thumbnailUrl\":\"https:\\\/\\\/bbtrading.ch\\\/cms\\\/wp-content\\\/uploads\\\/2024\\\/06\\\/news_bike_to_work_header.jpg\",\"datePublished\":\"2024-06-17T10:12:43+00:00\",\"dateModified\":\"2025-07-17T07:12:13+00:00\",\"description\":\"Esprit d\u2019\u00e9quipe renforc\u00e9 & mobilit\u00e9 durable : Le challenge \u00abBike to Work\u00bb de Pro Velo Suisse a assur\u00e9 un \u00e9t\u00e9 en plein forme chez bb trading !\",\"breadcrumb\":{\"@id\":\"https:\\\/\\\/bbtrading.ch\\\/cms\\\/fr\\\/news\\\/bike-to-work-qui-pedale-gagne\\\/#breadcrumb\"},\"inLanguage\":\"fr-FR\",\"potentialAction\":[{\"@type\":\"ReadAction\",\"target\":[\"https:\\\/\\\/bbtrading.ch\\\/cms\\\/fr\\\/news\\\/bike-to-work-qui-pedale-gagne\\\/\"]}]},{\"@type\":\"ImageObject\",\"inLanguage\":\"fr-FR\",\"@id\":\"https:\\\/\\\/bbtrading.ch\\\/cms\\\/fr\\\/news\\\/bike-to-work-qui-pedale-gagne\\\/#primaryimage\",\"url\":\"https:\\\/\\\/bbtrading.ch\\\/cms\\\/wp-content\\\/uploads\\\/2024\\\/06\\\/news_bike_to_work_header.jpg\",\"contentUrl\":\"https:\\\/\\\/bbtrading.ch\\\/cms\\\/wp-content\\\/uploads\\\/2024\\\/06\\\/news_bike_to_work_header.jpg\",\"width\":412,\"height\":416},{\"@type\":\"BreadcrumbList\",\"@id\":\"https:\\\/\\\/bbtrading.ch\\\/cms\\\/fr\\\/news\\\/bike-to-work-qui-pedale-gagne\\\/#breadcrumb\",\"itemListElement\":[{\"@type\":\"ListItem\",\"position\":1,\"name\":\"Home\",\"item\":\"https:\\\/\\\/bbtrading.ch\\\/cms\\\/fr\\\/\"},{\"@type\":\"ListItem\",\"position\":2,\"name\":\"Bike to Work &rsquo;24 \u2013 pedal power at its best!\"}]},{\"@type\":\"WebSite\",\"@id\":\"https:\\\/\\\/bbtrading.ch\\\/cms\\\/fr\\\/#website\",\"url\":\"https:\\\/\\\/bbtrading.ch\\\/cms\\\/fr\\\/\",\"name\":\"bb trading\",\"description\":\"\",\"publisher\":{\"@id\":\"https:\\\/\\\/bbtrading.ch\\\/cms\\\/fr\\\/#organization\"},\"potentialAction\":[{\"@type\":\"SearchAction\",\"target\":{\"@type\":\"EntryPoint\",\"urlTemplate\":\"https:\\\/\\\/bbtrading.ch\\\/cms\\\/fr\\\/?s={search_term_string}\"},\"query-input\":{\"@type\":\"PropertyValueSpecification\",\"valueRequired\":true,\"valueName\":\"search_term_string\"}}],\"inLanguage\":\"fr-FR\"},{\"@type\":\"Organization\",\"@id\":\"https:\\\/\\\/bbtrading.ch\\\/cms\\\/fr\\\/#organization\",\"name\":\"bb trading werbeartikel AG\",\"alternateName\":\"bb trading\",\"url\":\"https:\\\/\\\/bbtrading.ch\\\/cms\\\/fr\\\/\",\"logo\":{\"@type\":\"ImageObject\",\"inLanguage\":\"fr-FR\",\"@id\":\"https:\\\/\\\/bbtrading.ch\\\/cms\\\/fr\\\/#\\\/schema\\\/logo\\\/image\\\/\",\"url\":\"https:\\\/\\\/bbtrading.ch\\\/cms\\\/wp-content\\\/uploads\\\/2025\\\/02\\\/bbtrading-organisations-logo.png\",\"contentUrl\":\"https:\\\/\\\/bbtrading.ch\\\/cms\\\/wp-content\\\/uploads\\\/2025\\\/02\\\/bbtrading-organisations-logo.png\",\"width\":696,\"height\":696,\"caption\":\"bb trading werbeartikel AG\"},\"image\":{\"@id\":\"https:\\\/\\\/bbtrading.ch\\\/cms\\\/fr\\\/#\\\/schema\\\/logo\\\/image\\\/\"}},{\"@type\":\"Person\",\"@id\":\"https:\\\/\\\/bbtrading.ch\\\/cms\\\/fr\\\/#\\\/schema\\\/person\\\/b1ee282ec48538266ec4e390eff40e07\",\"name\":\"Tim Jeker\",\"image\":{\"@type\":\"ImageObject\",\"inLanguage\":\"fr-FR\",\"@id\":\"https:\\\/\\\/secure.gravatar.com\\\/avatar\\\/6049ec3cb92456415ec6b54933f27bb0a3098820c96f7255229809f0bec97e94?s=96&d=mm&r=g\",\"url\":\"https:\\\/\\\/secure.gravatar.com\\\/avatar\\\/6049ec3cb92456415ec6b54933f27bb0a3098820c96f7255229809f0bec97e94?s=96&d=mm&r=g\",\"contentUrl\":\"https:\\\/\\\/secure.gravatar.com\\\/avatar\\\/6049ec3cb92456415ec6b54933f27bb0a3098820c96f7255229809f0bec97e94?s=96&d=mm&r=g\",\"caption\":\"Tim Jeker\"},\"description\":\"De Young Talent\"}]}<\/script>\n<!-- \/ Yoast SEO plugin. -->","yoast_head_json":{"title":"Bike to Work '24 \u2013 pedal power at its best! | bb trading","description":"Esprit d\u2019\u00e9quipe renforc\u00e9 & mobilit\u00e9 durable : Le challenge \u00abBike to Work\u00bb de Pro Velo Suisse a assur\u00e9 un \u00e9t\u00e9 en plein forme chez bb trading !","robots":{"index":"index","follow":"follow","max-snippet":"max-snippet:-1","max-image-preview":"max-image-preview:large","max-video-preview":"max-video-preview:-1"},"canonical":"https:\/\/bbtrading.ch\/cms\/fr\/news\/bike-to-work-qui-pedale-gagne\/","og_locale":"fr_FR","og_type":"article","og_title":"Bike to Work '24 \u2013 pedal power at its best! | bb trading","og_description":"Esprit d\u2019\u00e9quipe renforc\u00e9 & mobilit\u00e9 durable : Le challenge \u00abBike to Work\u00bb de Pro Velo Suisse a assur\u00e9 un \u00e9t\u00e9 en plein forme chez bb trading !","og_url":"https:\/\/bbtrading.ch\/cms\/fr\/news\/bike-to-work-qui-pedale-gagne\/","og_site_name":"bb trading","article_published_time":"2024-06-17T10:12:43+00:00","article_modified_time":"2025-07-17T07:12:13+00:00","og_image":[{"width":412,"height":416,"url":"https:\/\/bbtrading.ch\/cms\/wp-content\/uploads\/2024\/06\/news_bike_to_work_header.jpg","type":"image\/jpeg"}],"author":"Tim Jeker","twitter_card":"summary_large_image","twitter_misc":{"\u00c9crit par":"Tim Jeker","Dur\u00e9e de lecture estim\u00e9e":"3 minutes"},"schema":{"@context":"https:\/\/schema.org","@graph":[{"@type":"Article","@id":"https:\/\/bbtrading.ch\/cms\/fr\/news\/bike-to-work-qui-pedale-gagne\/#article","isPartOf":{"@id":"https:\/\/bbtrading.ch\/cms\/fr\/news\/bike-to-work-qui-pedale-gagne\/"},"author":{"name":"Tim Jeker","@id":"https:\/\/bbtrading.ch\/cms\/fr\/#\/schema\/person\/b1ee282ec48538266ec4e390eff40e07"},"headline":"Bike to Work &rsquo;24 \u2013 pedal power at its best!","datePublished":"2024-06-17T10:12:43+00:00","dateModified":"2025-07-17T07:12:13+00:00","mainEntityOfPage":{"@id":"https:\/\/bbtrading.ch\/cms\/fr\/news\/bike-to-work-qui-pedale-gagne\/"},"wordCount":8,"commentCount":0,"publisher":{"@id":"https:\/\/bbtrading.ch\/cms\/fr\/#organization"},"image":{"@id":"https:\/\/bbtrading.ch\/cms\/fr\/news\/bike-to-work-qui-pedale-gagne\/#primaryimage"},"thumbnailUrl":"https:\/\/bbtrading.ch\/cms\/wp-content\/uploads\/2024\/06\/news_bike_to_work_header.jpg","articleSection":["bb Insights"],"inLanguage":"fr-FR","potentialAction":[{"@type":"CommentAction","name":"Comment","target":["https:\/\/bbtrading.ch\/cms\/fr\/news\/bike-to-work-qui-pedale-gagne\/#respond"]}]},{"@type":"WebPage","@id":"https:\/\/bbtrading.ch\/cms\/fr\/news\/bike-to-work-qui-pedale-gagne\/","url":"https:\/\/bbtrading.ch\/cms\/fr\/news\/bike-to-work-qui-pedale-gagne\/","name":"Bike to Work '24 \u2013 pedal power at its best! | bb trading","isPartOf":{"@id":"https:\/\/bbtrading.ch\/cms\/fr\/#website"},"primaryImageOfPage":{"@id":"https:\/\/bbtrading.ch\/cms\/fr\/news\/bike-to-work-qui-pedale-gagne\/#primaryimage"},"image":{"@id":"https:\/\/bbtrading.ch\/cms\/fr\/news\/bike-to-work-qui-pedale-gagne\/#primaryimage"},"thumbnailUrl":"https:\/\/bbtrading.ch\/cms\/wp-content\/uploads\/2024\/06\/news_bike_to_work_header.jpg","datePublished":"2024-06-17T10:12:43+00:00","dateModified":"2025-07-17T07:12:13+00:00","description":"Esprit d\u2019\u00e9quipe renforc\u00e9 & mobilit\u00e9 durable : Le challenge \u00abBike to Work\u00bb de Pro Velo Suisse a assur\u00e9 un \u00e9t\u00e9 en plein forme chez bb trading !","breadcrumb":{"@id":"https:\/\/bbtrading.ch\/cms\/fr\/news\/bike-to-work-qui-pedale-gagne\/#breadcrumb"},"inLanguage":"fr-FR","potentialAction":[{"@type":"ReadAction","target":["https:\/\/bbtrading.ch\/cms\/fr\/news\/bike-to-work-qui-pedale-gagne\/"]}]},{"@type":"ImageObject","inLanguage":"fr-FR","@id":"https:\/\/bbtrading.ch\/cms\/fr\/news\/bike-to-work-qui-pedale-gagne\/#primaryimage","url":"https:\/\/bbtrading.ch\/cms\/wp-content\/uploads\/2024\/06\/news_bike_to_work_header.jpg","contentUrl":"https:\/\/bbtrading.ch\/cms\/wp-content\/uploads\/2024\/06\/news_bike_to_work_header.jpg","width":412,"height":416},{"@type":"BreadcrumbList","@id":"https:\/\/bbtrading.ch\/cms\/fr\/news\/bike-to-work-qui-pedale-gagne\/#breadcrumb","itemListElement":[{"@type":"ListItem","position":1,"name":"Home","item":"https:\/\/bbtrading.ch\/cms\/fr\/"},{"@type":"ListItem","position":2,"name":"Bike to Work &rsquo;24 \u2013 pedal power at its best!"}]},{"@type":"WebSite","@id":"https:\/\/bbtrading.ch\/cms\/fr\/#website","url":"https:\/\/bbtrading.ch\/cms\/fr\/","name":"bb trading","description":"","publisher":{"@id":"https:\/\/bbtrading.ch\/cms\/fr\/#organization"},"potentialAction":[{"@type":"SearchAction","target":{"@type":"EntryPoint","urlTemplate":"https:\/\/bbtrading.ch\/cms\/fr\/?s={search_term_string}"},"query-input":{"@type":"PropertyValueSpecification","valueRequired":true,"valueName":"search_term_string"}}],"inLanguage":"fr-FR"},{"@type":"Organization","@id":"https:\/\/bbtrading.ch\/cms\/fr\/#organization","name":"bb trading werbeartikel AG","alternateName":"bb trading","url":"https:\/\/bbtrading.ch\/cms\/fr\/","logo":{"@type":"ImageObject","inLanguage":"fr-FR","@id":"https:\/\/bbtrading.ch\/cms\/fr\/#\/schema\/logo\/image\/","url":"https:\/\/bbtrading.ch\/cms\/wp-content\/uploads\/2025\/02\/bbtrading-organisations-logo.png","contentUrl":"https:\/\/bbtrading.ch\/cms\/wp-content\/uploads\/2025\/02\/bbtrading-organisations-logo.png","width":696,"height":696,"caption":"bb trading werbeartikel AG"},"image":{"@id":"https:\/\/bbtrading.ch\/cms\/fr\/#\/schema\/logo\/image\/"}},{"@type":"Person","@id":"https:\/\/bbtrading.ch\/cms\/fr\/#\/schema\/person\/b1ee282ec48538266ec4e390eff40e07","name":"Tim Jeker","image":{"@type":"ImageObject","inLanguage":"fr-FR","@id":"https:\/\/secure.gravatar.com\/avatar\/6049ec3cb92456415ec6b54933f27bb0a3098820c96f7255229809f0bec97e94?s=96&d=mm&r=g","url":"https:\/\/secure.gravatar.com\/avatar\/6049ec3cb92456415ec6b54933f27bb0a3098820c96f7255229809f0bec97e94?s=96&d=mm&r=g","contentUrl":"https:\/\/secure.gravatar.com\/avatar\/6049ec3cb92456415ec6b54933f27bb0a3098820c96f7255229809f0bec97e94?s=96&d=mm&r=g","caption":"Tim Jeker"},"description":"De Young Talent"}]}},"_links":{"self":[{"href":"https:\/\/bbtrading.ch\/cms\/fr\/wp-json\/wp\/v2\/posts\/5947","targetHints":{"allow":["GET"]}}],"collection":[{"href":"https:\/\/bbtrading.ch\/cms\/fr\/wp-json\/wp\/v2\/posts"}],"about":[{"href":"https:\/\/bbtrading.ch\/cms\/fr\/wp-json\/wp\/v2\/types\/post"}],"author":[{"embeddable":true,"href":"https:\/\/bbtrading.ch\/cms\/fr\/wp-json\/wp\/v2\/users\/6"}],"replies":[{"embeddable":true,"href":"https:\/\/bbtrading.ch\/cms\/fr\/wp-json\/wp\/v2\/comments?post=5947"}],"version-history":[{"count":6,"href":"https:\/\/bbtrading.ch\/cms\/fr\/wp-json\/wp\/v2\/posts\/5947\/revisions"}],"predecessor-version":[{"id":12531,"href":"https:\/\/bbtrading.ch\/cms\/fr\/wp-json\/wp\/v2\/posts\/5947\/revisions\/12531"}],"wp:featuredmedia":[{"embeddable":true,"href":"https:\/\/bbtrading.ch\/cms\/fr\/wp-json\/wp\/v2\/media\/4516"}],"wp:attachment":[{"href":"https:\/\/bbtrading.ch\/cms\/fr\/wp-json\/wp\/v2\/media?parent=5947"}],"wp:term":[{"taxonomy":"category","embeddable":true,"href":"https:\/\/bbtrading.ch\/cms\/fr\/wp-json\/wp\/v2\/categories?post=5947"},{"taxonomy":"post_tag","embeddable":true,"href":"https:\/\/bbtrading.ch\/cms\/fr\/wp-json\/wp\/v2\/tags?post=5947"}],"curies":[{"name":"wp","href":"https:\/\/api.w.org\/{rel}","templated":true}]}}